{"id":7791,"date":"2025-06-13T14:03:48","date_gmt":"2025-06-13T12:03:48","guid":{"rendered":"https:\/\/vratna.sk\/100-elektricky-styl-a-ozajstne-ticho\/"},"modified":"2026-04-29T17:33:23","modified_gmt":"2026-04-29T15:33:23","slug":"bez-hluku-a-vyfukov-buducnost-na-nasich-cestach","status":"publish","type":"post","link":"https:\/\/vratna.sk\/en\/bez-hluku-a-vyfukov-buducnost-na-nasich-cestach\/","title":{"rendered":"No noise and no exhaust. The future on our roads?"},"content":{"rendered":"\n<p>During the first two weeks of June, we were given the opportunity to experience what the future of green mobility could look like. We enjoyed a ride on a fully electric model <strong><strong>Mercedes-Benz<\/strong><\/strong> <strong>EQS 580 4MATIC<\/strong> in cooperation with <strong>Motorr \u017dilina<\/strong>, an authorised dealer of these premium cars, in the <strong>Electric Partner Program<\/strong> project. <\/p>\n\n<h3 class=\"wp-block-heading\">Starring: surprising silence<\/h3>\n\n<p>Although it&#8217;s a premium sedan that you might expect to find somewhere on the highway rather than in the mountains at first glance, this 100% electric hunk pleasantly surprised us with just how naturally it blended into the mountain environment. It&#8217;s <strong>quiet, it emits no emissions<\/strong>, and it was only when we were driving that we realised how different (and great) it really feels to ride noise-free and really clean. <\/p>\n\n<p>The car was tested by our financial director Andrej G\u00e1bri\u0161, who tried it out not only during the transfers to Vr\u00e1tna, but also on the motorway. We picked up the vehicle directly at the dealer and the first kilometres with it showed us that electromobility has a real future in Slovakia &#8211; and not only in cities.<\/p>\n\n<figure class=\"wp-block-image size-large\"><img data-recalc-dims=\"1\" decoding=\"async\" width=\"1024\" height=\"683\" src=\"https:\/\/i0.wp.com\/vratna.sk\/wp-content\/uploads\/2025\/06\/mercedes-eqs-vratna-2025_5.jpg?resize=1024%2C683&#038;ssl=1\" alt=\"\" class=\"wp-image-7757\" style=\"aspect-ratio:1;object-fit:cover\" srcset=\"https:\/\/i0.wp.com\/vratna.sk\/wp-content\/uploads\/2025\/06\/mercedes-eqs-vratna-2025_5.jpg?resize=1024%2C683&amp;ssl=1 1024w, https:\/\/i0.wp.com\/vratna.sk\/wp-content\/uploads\/2025\/06\/mercedes-eqs-vratna-2025_5.jpg?resize=300%2C200&amp;ssl=1 300w, https:\/\/i0.wp.com\/vratna.sk\/wp-content\/uploads\/2025\/06\/mercedes-eqs-vratna-2025_5.jpg?resize=768%2C512&amp;ssl=1 768w, https:\/\/i0.wp.com\/vratna.sk\/wp-content\/uploads\/2025\/06\/mercedes-eqs-vratna-2025_5.jpg?resize=1536%2C1024&amp;ssl=1 1536w, https:\/\/i0.wp.com\/vratna.sk\/wp-content\/uploads\/2025\/06\/mercedes-eqs-vratna-2025_5.jpg?resize=2048%2C1365&amp;ssl=1 2048w, https:\/\/i0.wp.com\/vratna.sk\/wp-content\/uploads\/2025\/06\/mercedes-eqs-vratna-2025_5.jpg?w=3000&amp;ssl=1 3000w\" sizes=\"(max-width: 1000px) 100vw, 1000px\" \/><\/figure>\n\n<h3 class=\"wp-block-heading\">A new driving rhythm: planning and patience<\/h3>\n\n<p>Unlike traditional refuelling, driving on electricity requires a <strong>little different thinking and planning<\/strong>. We had to get used to the fact that charging requires its own time and place. However, this change has taught us to plan our route more consciously, to be in the present and, in a positive sense, <strong>to slow down<\/strong> <strong>in<\/strong> the end.  <\/p>\n\n<figure class=\"wp-block-image size-large\"><img data-recalc-dims=\"1\" decoding=\"async\" width=\"683\" height=\"1024\" src=\"https:\/\/i0.wp.com\/vratna.sk\/wp-content\/uploads\/2025\/06\/mercedes-eqs-vratna-2025_3.jpg?resize=683%2C1024&#038;ssl=1\" alt=\"\" class=\"wp-image-7753\" style=\"aspect-ratio:1;object-fit:cover\" srcset=\"https:\/\/i0.wp.com\/vratna.sk\/wp-content\/uploads\/2025\/06\/mercedes-eqs-vratna-2025_3.jpg?resize=683%2C1024&amp;ssl=1 683w, https:\/\/i0.wp.com\/vratna.sk\/wp-content\/uploads\/2025\/06\/mercedes-eqs-vratna-2025_3.jpg?resize=200%2C300&amp;ssl=1 200w, https:\/\/i0.wp.com\/vratna.sk\/wp-content\/uploads\/2025\/06\/mercedes-eqs-vratna-2025_3.jpg?resize=768%2C1152&amp;ssl=1 768w, https:\/\/i0.wp.com\/vratna.sk\/wp-content\/uploads\/2025\/06\/mercedes-eqs-vratna-2025_3.jpg?resize=1024%2C1536&amp;ssl=1 1024w, https:\/\/i0.wp.com\/vratna.sk\/wp-content\/uploads\/2025\/06\/mercedes-eqs-vratna-2025_3.jpg?resize=1365%2C2048&amp;ssl=1 1365w, https:\/\/i0.wp.com\/vratna.sk\/wp-content\/uploads\/2025\/06\/mercedes-eqs-vratna-2025_3.jpg?w=2000&amp;ssl=1 2000w, https:\/\/i0.wp.com\/vratna.sk\/wp-content\/uploads\/2025\/06\/mercedes-eqs-vratna-2025_3.jpg?w=3000&amp;ssl=1 3000w\" sizes=\"(max-width: 683px) 100vw, 683px\" \/><\/figure>\n\n<h3 class=\"wp-block-heading\">An ecological path also for Vr\u00e1tna<\/h3>\n\n<p>In our work for a mountain resort like Vr\u00e1tna, we realize that sustainability and conservation are not just words &#8211; they are also real decisions we make almost every day. That&#8217;s why this electro experience has also confirmed the right direction of our intentions &#8211; <strong>we are planning to build our own charging stations for electric vehicles in Vr\u00e1tna in the near future<\/strong>. <\/p>\n\n<p>Testing the Mercedes-Benz EQS also reminded us that modern technology really can go hand in hand with nature &#8211; if we treat it with respect.  <strong>Driving without noise, without emissions and knowing that we are going the extra mile for cleaner air was more than just the experience of driving such a technically tuned car.<\/strong><\/p>\n\n<figure class=\"wp-block-image size-full\"><a href=\"https:\/\/www.mercedeszilina.sk\/&#10; \"><img data-recalc-dims=\"1\" decoding=\"async\" width=\"400\" height=\"100\" src=\"https:\/\/i0.wp.com\/vratna.sk\/wp-content\/uploads\/2025\/06\/mercedes_motorr_logo-1.png?resize=400%2C100&#038;ssl=1\" alt=\"\" class=\"wp-image-7840\" srcset=\"https:\/\/i0.wp.com\/vratna.sk\/wp-content\/uploads\/2025\/06\/mercedes_motorr_logo-1.png?w=400&amp;ssl=1 400w, https:\/\/i0.wp.com\/vratna.sk\/wp-content\/uploads\/2025\/06\/mercedes_motorr_logo-1.png?resize=300%2C75&amp;ssl=1 300w\" sizes=\"(max-width: 400px) 100vw, 400px\" \/><\/a><\/figure>\n\n<p><strong>Thank you to Motorr \u017dilina, s.r.o.<\/strong> for the trust and the opportunity to participate in this great program.<\/p>\n\n<blockquote class=\"wp-block-quote is-layout-flow wp-block-quote-is-layout-flow\">\n<blockquote class=\"wp-block-quote is-layout-flow wp-block-quote-is-layout-flow\">\n<p><\/p>\n<\/blockquote>\n<\/blockquote>\n\n<figure class=\"wp-block-image size-large\"><img data-recalc-dims=\"1\" decoding=\"async\" width=\"768\" height=\"1024\" src=\"https:\/\/i0.wp.com\/vratna.sk\/wp-content\/uploads\/2025\/06\/mercedes-eqs-vratna-2025_15.jpg?resize=768%2C1024&#038;ssl=1\" alt=\"\" class=\"wp-image-7777\" style=\"aspect-ratio:1;object-fit:cover\" srcset=\"https:\/\/i0.wp.com\/vratna.sk\/wp-content\/uploads\/2025\/06\/mercedes-eqs-vratna-2025_15.jpg?resize=768%2C1024&amp;ssl=1 768w, https:\/\/i0.wp.com\/vratna.sk\/wp-content\/uploads\/2025\/06\/mercedes-eqs-vratna-2025_15.jpg?resize=225%2C300&amp;ssl=1 225w, https:\/\/i0.wp.com\/vratna.sk\/wp-content\/uploads\/2025\/06\/mercedes-eqs-vratna-2025_15.jpg?resize=1152%2C1536&amp;ssl=1 1152w, https:\/\/i0.wp.com\/vratna.sk\/wp-content\/uploads\/2025\/06\/mercedes-eqs-vratna-2025_15.jpg?w=1536&amp;ssl=1 1536w\" sizes=\"(max-width: 768px) 100vw, 768px\" \/><\/figure>\n\n<figure class=\"wp-block-image size-large\"><img data-recalc-dims=\"1\" decoding=\"async\" width=\"776\" height=\"1024\" src=\"https:\/\/i0.wp.com\/vratna.sk\/wp-content\/uploads\/2025\/06\/mercedes-eqs-vratna-2025_7.jpg?resize=776%2C1024&#038;ssl=1\" alt=\"\" class=\"wp-image-7761\" style=\"aspect-ratio:1;object-fit:cover\" srcset=\"https:\/\/i0.wp.com\/vratna.sk\/wp-content\/uploads\/2025\/06\/mercedes-eqs-vratna-2025_7.jpg?resize=776%2C1024&amp;ssl=1 776w, https:\/\/i0.wp.com\/vratna.sk\/wp-content\/uploads\/2025\/06\/mercedes-eqs-vratna-2025_7.jpg?resize=227%2C300&amp;ssl=1 227w, https:\/\/i0.wp.com\/vratna.sk\/wp-content\/uploads\/2025\/06\/mercedes-eqs-vratna-2025_7.jpg?resize=768%2C1014&amp;ssl=1 768w, https:\/\/i0.wp.com\/vratna.sk\/wp-content\/uploads\/2025\/06\/mercedes-eqs-vratna-2025_7.jpg?resize=1164%2C1536&amp;ssl=1 1164w, https:\/\/i0.wp.com\/vratna.sk\/wp-content\/uploads\/2025\/06\/mercedes-eqs-vratna-2025_7.jpg?resize=1552%2C2048&amp;ssl=1 1552w, https:\/\/i0.wp.com\/vratna.sk\/wp-content\/uploads\/2025\/06\/mercedes-eqs-vratna-2025_7.jpg?w=1600&amp;ssl=1 1600w\" sizes=\"(max-width: 776px) 100vw, 776px\" \/><\/figure>\n\n<figure class=\"wp-block-image size-large is-resized\"><img data-recalc-dims=\"1\" decoding=\"async\" width=\"683\" height=\"1024\" src=\"https:\/\/i0.wp.com\/vratna.sk\/wp-content\/uploads\/2025\/06\/20-_DSC2860.jpg?resize=683%2C1024&#038;ssl=1\" alt=\"\" class=\"wp-image-7943\" style=\"aspect-ratio:1;object-fit:cover;width:840px;height:auto\" srcset=\"https:\/\/i0.wp.com\/vratna.sk\/wp-content\/uploads\/2025\/06\/20-_DSC2860.jpg?resize=683%2C1024&amp;ssl=1 683w, https:\/\/i0.wp.com\/vratna.sk\/wp-content\/uploads\/2025\/06\/20-_DSC2860.jpg?resize=200%2C300&amp;ssl=1 200w, https:\/\/i0.wp.com\/vratna.sk\/wp-content\/uploads\/2025\/06\/20-_DSC2860.jpg?resize=768%2C1152&amp;ssl=1 768w, https:\/\/i0.wp.com\/vratna.sk\/wp-content\/uploads\/2025\/06\/20-_DSC2860.jpg?resize=1024%2C1536&amp;ssl=1 1024w, https:\/\/i0.wp.com\/vratna.sk\/wp-content\/uploads\/2025\/06\/20-_DSC2860.jpg?resize=1365%2C2048&amp;ssl=1 1365w, https:\/\/i0.wp.com\/vratna.sk\/wp-content\/uploads\/2025\/06\/20-_DSC2860.jpg?w=2000&amp;ssl=1 2000w, https:\/\/i0.wp.com\/vratna.sk\/wp-content\/uploads\/2025\/06\/20-_DSC2860.jpg?w=3000&amp;ssl=1 3000w\" sizes=\"(max-width: 683px) 100vw, 683px\" \/><\/figure>\n\n<figure class=\"wp-block-image size-large\"><img data-recalc-dims=\"1\" decoding=\"async\" width=\"683\" height=\"1024\" src=\"https:\/\/i0.wp.com\/vratna.sk\/wp-content\/uploads\/2025\/06\/DSC02463.jpg?resize=683%2C1024&#038;ssl=1\" alt=\"\" class=\"wp-image-7946\" style=\"aspect-ratio:1;object-fit:cover\" srcset=\"https:\/\/i0.wp.com\/vratna.sk\/wp-content\/uploads\/2025\/06\/DSC02463.jpg?resize=683%2C1024&amp;ssl=1 683w, https:\/\/i0.wp.com\/vratna.sk\/wp-content\/uploads\/2025\/06\/DSC02463.jpg?resize=200%2C300&amp;ssl=1 200w, https:\/\/i0.wp.com\/vratna.sk\/wp-content\/uploads\/2025\/06\/DSC02463.jpg?resize=768%2C1152&amp;ssl=1 768w, https:\/\/i0.wp.com\/vratna.sk\/wp-content\/uploads\/2025\/06\/DSC02463.jpg?resize=1024%2C1536&amp;ssl=1 1024w, https:\/\/i0.wp.com\/vratna.sk\/wp-content\/uploads\/2025\/06\/DSC02463.jpg?resize=1365%2C2048&amp;ssl=1 1365w, https:\/\/i0.wp.com\/vratna.sk\/wp-content\/uploads\/2025\/06\/DSC02463.jpg?w=2000&amp;ssl=1 2000w, https:\/\/i0.wp.com\/vratna.sk\/wp-content\/uploads\/2025\/06\/DSC02463.jpg?w=3000&amp;ssl=1 3000w\" sizes=\"(max-width: 683px) 100vw, 683px\" \/><\/figure>\n","protected":false},"excerpt":{"rendered":"<p>We tested the Mercedes-Benz EQS! This also confirmed to us the right direction of our intentions to build charging stations [&#8230;]<\/p>\n","protected":false},"author":4,"featured_media":7766,"comment_status":"open","ping_status":"open","sticky":false,"template":"","format":"standard","meta":{"_acf_changed":false,"inline_featured_image":false,"footnotes":""},"categories":[46],"tags":[],"class_list":["post-7791","post","type-post","status-publish","format-standard","has-post-thumbnail","hentry","category-news"],"acf":[],"yoast_head":"<!-- This site is optimized with the Yoast SEO plugin v27.5 - https:\/\/yoast.com\/product\/yoast-seo-wordpress\/ -->\n<title>No noise and no exhaust. The future on our roads? - Vratna<\/title>\n<meta name=\"robots\" content=\"index, follow, max-snippet:-1, max-image-preview:large, max-video-preview:-1\" \/>\n<link rel=\"canonical\" href=\"https:\/\/vratna.sk\/en\/bez-hluku-a-vyfukov-buducnost-na-nasich-cestach\/\" \/>\n<meta property=\"og:locale\" content=\"en_US\" \/>\n<meta property=\"og:type\" content=\"article\" \/>\n<meta property=\"og:title\" content=\"No noise and no exhaust. The future on our roads? - Vratna\" \/>\n<meta property=\"og:description\" content=\"We tested the Mercedes-Benz EQS! This also confirmed to us the right direction of our intentions to build charging stations [...]\" \/>\n<meta property=\"og:url\" content=\"https:\/\/vratna.sk\/en\/bez-hluku-a-vyfukov-buducnost-na-nasich-cestach\/\" \/>\n<meta property=\"og:site_name\" content=\"Vratna\" \/>\n<meta property=\"article:publisher\" content=\"https:\/\/www.facebook.com\/vratnamalafatra\/\" \/>\n<meta property=\"article:published_time\" content=\"2025-06-13T12:03:48+00:00\" \/>\n<meta property=\"article:modified_time\" content=\"2026-04-29T15:33:23+00:00\" \/>\n<meta property=\"og:image\" content=\"https:\/\/i0.wp.com\/vratna.sk\/wp-content\/uploads\/2025\/06\/mercedes-eqs-vratna-2025_9.jpg?fit=4511%2C6767&ssl=1\" \/>\n\t<meta property=\"og:image:width\" content=\"4511\" \/>\n\t<meta property=\"og:image:height\" content=\"6767\" \/>\n\t<meta property=\"og:image:type\" content=\"image\/jpeg\" \/>\n<meta name=\"author\" content=\"Alica Sumichrastova\" \/>\n<meta name=\"twitter:card\" content=\"summary_large_image\" \/>\n<meta name=\"twitter:label1\" content=\"Written by\" \/>\n\t<meta name=\"twitter:data1\" content=\"Alica Sumichrastova\" \/>\n\t<meta name=\"twitter:label2\" content=\"Est. reading time\" \/>\n\t<meta name=\"twitter:data2\" content=\"4 minutes\" \/>\n<script type=\"application\/ld+json\" class=\"yoast-schema-graph\">{\"@context\":\"https:\\\/\\\/schema.org\",\"@graph\":[{\"@type\":\"Article\",\"@id\":\"https:\\\/\\\/vratna.sk\\\/en\\\/bez-hluku-a-vyfukov-buducnost-na-nasich-cestach\\\/#article\",\"isPartOf\":{\"@id\":\"https:\\\/\\\/vratna.sk\\\/en\\\/bez-hluku-a-vyfukov-buducnost-na-nasich-cestach\\\/\"},\"author\":{\"name\":\"Alica Sumichrastova\",\"@id\":\"https:\\\/\\\/vratna.sk\\\/en\\\/#\\\/schema\\\/person\\\/c7955129cebecd7cd1bcd2832c391933\"},\"headline\":\"No noise and no exhaust. The future on our roads?\",\"datePublished\":\"2025-06-13T12:03:48+00:00\",\"dateModified\":\"2026-04-29T15:33:23+00:00\",\"mainEntityOfPage\":{\"@id\":\"https:\\\/\\\/vratna.sk\\\/en\\\/bez-hluku-a-vyfukov-buducnost-na-nasich-cestach\\\/\"},\"wordCount\":408,\"commentCount\":0,\"image\":{\"@id\":\"https:\\\/\\\/vratna.sk\\\/en\\\/bez-hluku-a-vyfukov-buducnost-na-nasich-cestach\\\/#primaryimage\"},\"thumbnailUrl\":\"https:\\\/\\\/i0.wp.com\\\/vratna.sk\\\/wp-content\\\/uploads\\\/2025\\\/06\\\/mercedes-eqs-vratna-2025_9.jpg?fit=4511%2C6767&ssl=1\",\"articleSection\":[\"News\"],\"inLanguage\":\"en-US\",\"potentialAction\":[{\"@type\":\"CommentAction\",\"name\":\"Comment\",\"target\":[\"https:\\\/\\\/vratna.sk\\\/en\\\/bez-hluku-a-vyfukov-buducnost-na-nasich-cestach\\\/#respond\"]}]},{\"@type\":\"WebPage\",\"@id\":\"https:\\\/\\\/vratna.sk\\\/en\\\/bez-hluku-a-vyfukov-buducnost-na-nasich-cestach\\\/\",\"url\":\"https:\\\/\\\/vratna.sk\\\/en\\\/bez-hluku-a-vyfukov-buducnost-na-nasich-cestach\\\/\",\"name\":\"No noise and no exhaust. The future on our roads? - Vratna\",\"isPartOf\":{\"@id\":\"https:\\\/\\\/vratna.sk\\\/en\\\/#website\"},\"primaryImageOfPage\":{\"@id\":\"https:\\\/\\\/vratna.sk\\\/en\\\/bez-hluku-a-vyfukov-buducnost-na-nasich-cestach\\\/#primaryimage\"},\"image\":{\"@id\":\"https:\\\/\\\/vratna.sk\\\/en\\\/bez-hluku-a-vyfukov-buducnost-na-nasich-cestach\\\/#primaryimage\"},\"thumbnailUrl\":\"https:\\\/\\\/i0.wp.com\\\/vratna.sk\\\/wp-content\\\/uploads\\\/2025\\\/06\\\/mercedes-eqs-vratna-2025_9.jpg?fit=4511%2C6767&ssl=1\",\"datePublished\":\"2025-06-13T12:03:48+00:00\",\"dateModified\":\"2026-04-29T15:33:23+00:00\",\"author\":{\"@id\":\"https:\\\/\\\/vratna.sk\\\/en\\\/#\\\/schema\\\/person\\\/c7955129cebecd7cd1bcd2832c391933\"},\"breadcrumb\":{\"@id\":\"https:\\\/\\\/vratna.sk\\\/en\\\/bez-hluku-a-vyfukov-buducnost-na-nasich-cestach\\\/#breadcrumb\"},\"inLanguage\":\"en-US\",\"potentialAction\":[{\"@type\":\"ReadAction\",\"target\":[\"https:\\\/\\\/vratna.sk\\\/en\\\/bez-hluku-a-vyfukov-buducnost-na-nasich-cestach\\\/\"]}]},{\"@type\":\"ImageObject\",\"inLanguage\":\"en-US\",\"@id\":\"https:\\\/\\\/vratna.sk\\\/en\\\/bez-hluku-a-vyfukov-buducnost-na-nasich-cestach\\\/#primaryimage\",\"url\":\"https:\\\/\\\/i0.wp.com\\\/vratna.sk\\\/wp-content\\\/uploads\\\/2025\\\/06\\\/mercedes-eqs-vratna-2025_9.jpg?fit=4511%2C6767&ssl=1\",\"contentUrl\":\"https:\\\/\\\/i0.wp.com\\\/vratna.sk\\\/wp-content\\\/uploads\\\/2025\\\/06\\\/mercedes-eqs-vratna-2025_9.jpg?fit=4511%2C6767&ssl=1\",\"width\":4511,\"height\":6767},{\"@type\":\"BreadcrumbList\",\"@id\":\"https:\\\/\\\/vratna.sk\\\/en\\\/bez-hluku-a-vyfukov-buducnost-na-nasich-cestach\\\/#breadcrumb\",\"itemListElement\":[{\"@type\":\"ListItem\",\"position\":1,\"name\":\"Home\",\"item\":\"https:\\\/\\\/vratna.sk\\\/en\\\/vratna-in-summer\\\/\"},{\"@type\":\"ListItem\",\"position\":2,\"name\":\"No noise and no exhaust. The future on our roads?\"}]},{\"@type\":\"WebSite\",\"@id\":\"https:\\\/\\\/vratna.sk\\\/en\\\/#website\",\"url\":\"https:\\\/\\\/vratna.sk\\\/en\\\/\",\"name\":\"Vratna\",\"description\":\"\",\"potentialAction\":[{\"@type\":\"SearchAction\",\"target\":{\"@type\":\"EntryPoint\",\"urlTemplate\":\"https:\\\/\\\/vratna.sk\\\/en\\\/?s={search_term_string}\"},\"query-input\":{\"@type\":\"PropertyValueSpecification\",\"valueRequired\":true,\"valueName\":\"search_term_string\"}}],\"inLanguage\":\"en-US\"},{\"@type\":\"Person\",\"@id\":\"https:\\\/\\\/vratna.sk\\\/en\\\/#\\\/schema\\\/person\\\/c7955129cebecd7cd1bcd2832c391933\",\"name\":\"Alica Sumichrastova\",\"image\":{\"@type\":\"ImageObject\",\"inLanguage\":\"en-US\",\"@id\":\"https:\\\/\\\/secure.gravatar.com\\\/avatar\\\/16d6aebd3d08e66fa0ece0e0f19c95f5f4225d13c951e7dc06beffda92850ebe?s=96&d=mm&r=g\",\"url\":\"https:\\\/\\\/secure.gravatar.com\\\/avatar\\\/16d6aebd3d08e66fa0ece0e0f19c95f5f4225d13c951e7dc06beffda92850ebe?s=96&d=mm&r=g\",\"contentUrl\":\"https:\\\/\\\/secure.gravatar.com\\\/avatar\\\/16d6aebd3d08e66fa0ece0e0f19c95f5f4225d13c951e7dc06beffda92850ebe?s=96&d=mm&r=g\",\"caption\":\"Alica Sumichrastova\"},\"sameAs\":[\"http:\\\/\\\/vratna.sk\"],\"url\":\"https:\\\/\\\/vratna.sk\\\/en\\\/author\\\/sumichrastovaavratna-sk\\\/\"}]}<\/script>\n<!-- \/ Yoast SEO plugin. -->","yoast_head_json":{"title":"No noise and no exhaust. The future on our roads? - Vratna","robots":{"index":"index","follow":"follow","max-snippet":"max-snippet:-1","max-image-preview":"max-image-preview:large","max-video-preview":"max-video-preview:-1"},"canonical":"https:\/\/vratna.sk\/en\/bez-hluku-a-vyfukov-buducnost-na-nasich-cestach\/","og_locale":"en_US","og_type":"article","og_title":"No noise and no exhaust. The future on our roads? - Vratna","og_description":"We tested the Mercedes-Benz EQS! This also confirmed to us the right direction of our intentions to build charging stations [...]","og_url":"https:\/\/vratna.sk\/en\/bez-hluku-a-vyfukov-buducnost-na-nasich-cestach\/","og_site_name":"Vratna","article_publisher":"https:\/\/www.facebook.com\/vratnamalafatra\/","article_published_time":"2025-06-13T12:03:48+00:00","article_modified_time":"2026-04-29T15:33:23+00:00","og_image":[{"width":4511,"height":6767,"url":"https:\/\/i0.wp.com\/vratna.sk\/wp-content\/uploads\/2025\/06\/mercedes-eqs-vratna-2025_9.jpg?fit=4511%2C6767&ssl=1","type":"image\/jpeg"}],"author":"Alica Sumichrastova","twitter_card":"summary_large_image","twitter_misc":{"Written by":"Alica Sumichrastova","Est. reading time":"4 minutes"},"schema":{"@context":"https:\/\/schema.org","@graph":[{"@type":"Article","@id":"https:\/\/vratna.sk\/en\/bez-hluku-a-vyfukov-buducnost-na-nasich-cestach\/#article","isPartOf":{"@id":"https:\/\/vratna.sk\/en\/bez-hluku-a-vyfukov-buducnost-na-nasich-cestach\/"},"author":{"name":"Alica Sumichrastova","@id":"https:\/\/vratna.sk\/en\/#\/schema\/person\/c7955129cebecd7cd1bcd2832c391933"},"headline":"No noise and no exhaust. The future on our roads?","datePublished":"2025-06-13T12:03:48+00:00","dateModified":"2026-04-29T15:33:23+00:00","mainEntityOfPage":{"@id":"https:\/\/vratna.sk\/en\/bez-hluku-a-vyfukov-buducnost-na-nasich-cestach\/"},"wordCount":408,"commentCount":0,"image":{"@id":"https:\/\/vratna.sk\/en\/bez-hluku-a-vyfukov-buducnost-na-nasich-cestach\/#primaryimage"},"thumbnailUrl":"https:\/\/i0.wp.com\/vratna.sk\/wp-content\/uploads\/2025\/06\/mercedes-eqs-vratna-2025_9.jpg?fit=4511%2C6767&ssl=1","articleSection":["News"],"inLanguage":"en-US","potentialAction":[{"@type":"CommentAction","name":"Comment","target":["https:\/\/vratna.sk\/en\/bez-hluku-a-vyfukov-buducnost-na-nasich-cestach\/#respond"]}]},{"@type":"WebPage","@id":"https:\/\/vratna.sk\/en\/bez-hluku-a-vyfukov-buducnost-na-nasich-cestach\/","url":"https:\/\/vratna.sk\/en\/bez-hluku-a-vyfukov-buducnost-na-nasich-cestach\/","name":"No noise and no exhaust. The future on our roads? - Vratna","isPartOf":{"@id":"https:\/\/vratna.sk\/en\/#website"},"primaryImageOfPage":{"@id":"https:\/\/vratna.sk\/en\/bez-hluku-a-vyfukov-buducnost-na-nasich-cestach\/#primaryimage"},"image":{"@id":"https:\/\/vratna.sk\/en\/bez-hluku-a-vyfukov-buducnost-na-nasich-cestach\/#primaryimage"},"thumbnailUrl":"https:\/\/i0.wp.com\/vratna.sk\/wp-content\/uploads\/2025\/06\/mercedes-eqs-vratna-2025_9.jpg?fit=4511%2C6767&ssl=1","datePublished":"2025-06-13T12:03:48+00:00","dateModified":"2026-04-29T15:33:23+00:00","author":{"@id":"https:\/\/vratna.sk\/en\/#\/schema\/person\/c7955129cebecd7cd1bcd2832c391933"},"breadcrumb":{"@id":"https:\/\/vratna.sk\/en\/bez-hluku-a-vyfukov-buducnost-na-nasich-cestach\/#breadcrumb"},"inLanguage":"en-US","potentialAction":[{"@type":"ReadAction","target":["https:\/\/vratna.sk\/en\/bez-hluku-a-vyfukov-buducnost-na-nasich-cestach\/"]}]},{"@type":"ImageObject","inLanguage":"en-US","@id":"https:\/\/vratna.sk\/en\/bez-hluku-a-vyfukov-buducnost-na-nasich-cestach\/#primaryimage","url":"https:\/\/i0.wp.com\/vratna.sk\/wp-content\/uploads\/2025\/06\/mercedes-eqs-vratna-2025_9.jpg?fit=4511%2C6767&ssl=1","contentUrl":"https:\/\/i0.wp.com\/vratna.sk\/wp-content\/uploads\/2025\/06\/mercedes-eqs-vratna-2025_9.jpg?fit=4511%2C6767&ssl=1","width":4511,"height":6767},{"@type":"BreadcrumbList","@id":"https:\/\/vratna.sk\/en\/bez-hluku-a-vyfukov-buducnost-na-nasich-cestach\/#breadcrumb","itemListElement":[{"@type":"ListItem","position":1,"name":"Home","item":"https:\/\/vratna.sk\/en\/vratna-in-summer\/"},{"@type":"ListItem","position":2,"name":"No noise and no exhaust. The future on our roads?"}]},{"@type":"WebSite","@id":"https:\/\/vratna.sk\/en\/#website","url":"https:\/\/vratna.sk\/en\/","name":"Vratna","description":"","potentialAction":[{"@type":"SearchAction","target":{"@type":"EntryPoint","urlTemplate":"https:\/\/vratna.sk\/en\/?s={search_term_string}"},"query-input":{"@type":"PropertyValueSpecification","valueRequired":true,"valueName":"search_term_string"}}],"inLanguage":"en-US"},{"@type":"Person","@id":"https:\/\/vratna.sk\/en\/#\/schema\/person\/c7955129cebecd7cd1bcd2832c391933","name":"Alica Sumichrastova","image":{"@type":"ImageObject","inLanguage":"en-US","@id":"https:\/\/secure.gravatar.com\/avatar\/16d6aebd3d08e66fa0ece0e0f19c95f5f4225d13c951e7dc06beffda92850ebe?s=96&d=mm&r=g","url":"https:\/\/secure.gravatar.com\/avatar\/16d6aebd3d08e66fa0ece0e0f19c95f5f4225d13c951e7dc06beffda92850ebe?s=96&d=mm&r=g","contentUrl":"https:\/\/secure.gravatar.com\/avatar\/16d6aebd3d08e66fa0ece0e0f19c95f5f4225d13c951e7dc06beffda92850ebe?s=96&d=mm&r=g","caption":"Alica Sumichrastova"},"sameAs":["http:\/\/vratna.sk"],"url":"https:\/\/vratna.sk\/en\/author\/sumichrastovaavratna-sk\/"}]}},"jetpack_featured_media_url":"https:\/\/i0.wp.com\/vratna.sk\/wp-content\/uploads\/2025\/06\/mercedes-eqs-vratna-2025_9.jpg?fit=4511%2C6767&ssl=1","_links":{"self":[{"href":"https:\/\/vratna.sk\/en\/wp-json\/wp\/v2\/posts\/7791","targetHints":{"allow":["GET"]}}],"collection":[{"href":"https:\/\/vratna.sk\/en\/wp-json\/wp\/v2\/posts"}],"about":[{"href":"https:\/\/vratna.sk\/en\/wp-json\/wp\/v2\/types\/post"}],"author":[{"embeddable":true,"href":"https:\/\/vratna.sk\/en\/wp-json\/wp\/v2\/users\/4"}],"replies":[{"embeddable":true,"href":"https:\/\/vratna.sk\/en\/wp-json\/wp\/v2\/comments?post=7791"}],"version-history":[{"count":72,"href":"https:\/\/vratna.sk\/en\/wp-json\/wp\/v2\/posts\/7791\/revisions"}],"predecessor-version":[{"id":8688,"href":"https:\/\/vratna.sk\/en\/wp-json\/wp\/v2\/posts\/7791\/revisions\/8688"}],"wp:featuredmedia":[{"embeddable":true,"href":"https:\/\/vratna.sk\/en\/wp-json\/wp\/v2\/media\/7766"}],"wp:attachment":[{"href":"https:\/\/vratna.sk\/en\/wp-json\/wp\/v2\/media?parent=7791"}],"wp:term":[{"taxonomy":"category","embeddable":true,"href":"https:\/\/vratna.sk\/en\/wp-json\/wp\/v2\/categories?post=7791"},{"taxonomy":"post_tag","embeddable":true,"href":"https:\/\/vratna.sk\/en\/wp-json\/wp\/v2\/tags?post=7791"}],"curies":[{"name":"wp","href":"https:\/\/api.w.org\/{rel}","templated":true}]}}