{"id":5500,"date":"2024-12-23T19:22:11","date_gmt":"2024-12-23T18:22:11","guid":{"rendered":"https:\/\/vratna.sk\/?p=5500"},"modified":"2026-01-06T11:43:06","modified_gmt":"2026-01-06T10:43:06","slug":"zahajenie-lyziarskej-sezony-2024-25","status":"publish","type":"post","link":"https:\/\/vratna.sk\/en\/zahajenie-lyziarskej-sezony-2024-25\/","title":{"rendered":"Opening of the ski season 2024\/25"},"content":{"rendered":"\n<p>Due to partially limited snow and temperature conditions, not all slopes are open. We do our best to make sure you still enjoy your skiing:) <\/p>\n\n<p>Currently open (from 8:30 a.m. to 3:30 p.m.):<\/p>\n\n<ul class=\"wp-block-list\">\n<li><strong>chairlift Paseky<\/strong> (slopes Rusna\u010dka and Slovan)<\/li>\n<\/ul>\n\n<ul class=\"wp-block-list\">\n<li><strong>children&#8217;s park<\/strong> (Mini zone with a longer runway and a new children&#8217;s lift, Children&#8217;s zone Mini ticket valid)<\/li>\n<\/ul>\n\n<ul class=\"wp-block-list\">\n<li><strong>Leitner lift at Paseky<\/strong> (if you ski only here, the Maxi zone ticket is valid)<\/li>\n<\/ul>\n\n<ul class=\"wp-block-list\">\n<li><strong>cable car Chleb<\/strong> <strong>in daily operation from 9:00 to 15:30<\/strong> (ski passes are valid for the cable car &#8211; so if you are downhill at Paseky, you can still take a ride in the cable car to enjoy the views or for a coffee up below Chleb)<\/li>\n<\/ul>\n\n<ul class=\"wp-block-list\">\n<li><strong>you can refresh yourself in<\/strong> the Humna and Kafe\u010dek in the Pastures, in the upper station of the chairlift in Kota and in the Panorama restaurant in Chleb.<\/li>\n<\/ul>\n\n<p><strong><em>Location Chleb<\/em><\/strong> <strong><em>for skiing <\/em><\/strong> <em>&#8211; O\u0161tiepkov\u00e1 Mulda and Snilovsk\u00e9 sedlo ski slopes are out of operation for the time being. <strong>Depending on the weather, <\/strong> we will inform you in <strong>the next few days <\/strong> <\/em>.  <\/p>\n\n<h2 class=\"wp-block-heading\">The main season price list is currently valid.<\/h2>\n\n<p><strong>Parking is included in the price of all ski passes.  <\/strong><\/p>\n    <div class=\"simple-button\">\n        <a href=\"https:\/\/vratna.sk\/cennik_skipasy\/\" target=\"_self\" class=\"btn btn-yellow\">\n            Ski pass price list            <svg xmlns=\"http:\/\/www.w3.org\/2000\/svg\" width=\"24\" height=\"24\" viewBox=\"0 0 24 24\" fill=\"none\">\n                <path d=\"M5 12H19M19 12L13 18M19 12L13 6\" stroke=\"#01382E\" stroke-width=\"2\" stroke-linecap=\"square\"\/>\n            <\/svg>\n        <\/a>\n    <\/div>\n\n\n<h2 class=\"wp-block-heading\">Night skiing from 8.1. on WEDNESDAY\/Friday\/Saturday.   <\/h2>\n\n<p><strong>from 17:00 to 20:00<\/strong>  &#8211; Leitner lift and Mini Children&#8217;s Zone in operation.<\/p>\n\n<p>Price for night skiing 15,- (Leitner) + children&#8217;s zone Mini according to the current price list.  <\/p>\n\n<p>In the event of changes in weather and snow conditions, we reserve the right to adjust the price and operation of the lifts.<\/p>\n\n<p><strong>We look forward to skiing with you.<\/strong><\/p>\n\n<p><\/p>\n\n<p><\/p>\n","protected":false},"excerpt":{"rendered":"<p>Currently in operation chairlift, Leitner lift, children&#8217;s zone and cabin.<\/p>\n","protected":false},"author":4,"featured_media":4839,"comment_status":"closed","ping_status":"closed","sticky":false,"template":"","format":"standard","meta":{"_acf_changed":false,"inline_featured_image":false,"footnotes":""},"categories":[46],"tags":[101,104,103,92,102],"class_list":["post-5500","post","type-post","status-publish","format-standard","has-post-thumbnail","hentry","category-news","tag-belts","tag-instructor","tag-lyziarskaskola-en","tag-neck","tag-vratnamalafatra-en"],"acf":[],"yoast_head":"<!-- This site is optimized with the Yoast SEO plugin v27.5 - https:\/\/yoast.com\/product\/yoast-seo-wordpress\/ -->\n<title>Opening of the ski season 2024\/25 - Vratna<\/title>\n<meta name=\"robots\" content=\"index, follow, max-snippet:-1, max-image-preview:large, max-video-preview:-1\" \/>\n<link rel=\"canonical\" href=\"https:\/\/vratna.sk\/en\/zahajenie-lyziarskej-sezony-2024-25\/\" \/>\n<meta property=\"og:locale\" content=\"en_US\" \/>\n<meta property=\"og:type\" content=\"article\" \/>\n<meta property=\"og:title\" content=\"Opening of the ski season 2024\/25 - Vratna\" \/>\n<meta property=\"og:description\" content=\"Currently in operation chairlift, Leitner lift, children&#039;s zone and cabin.\" \/>\n<meta property=\"og:url\" content=\"https:\/\/vratna.sk\/en\/zahajenie-lyziarskej-sezony-2024-25\/\" \/>\n<meta property=\"og:site_name\" content=\"Vratna\" \/>\n<meta property=\"article:publisher\" content=\"https:\/\/www.facebook.com\/vratnamalafatra\/\" \/>\n<meta property=\"article:published_time\" content=\"2024-12-23T18:22:11+00:00\" \/>\n<meta property=\"article:modified_time\" content=\"2026-01-06T10:43:06+00:00\" \/>\n<meta property=\"og:image\" content=\"https:\/\/i0.wp.com\/vratna.sk\/wp-content\/uploads\/2024\/12\/DJI_0120-scaled.jpg?fit=2560%2C1705&ssl=1\" \/>\n\t<meta property=\"og:image:width\" content=\"2560\" \/>\n\t<meta property=\"og:image:height\" content=\"1705\" \/>\n\t<meta property=\"og:image:type\" content=\"image\/jpeg\" \/>\n<meta name=\"author\" content=\"Alica Sumichrastova\" \/>\n<meta name=\"twitter:card\" content=\"summary_large_image\" \/>\n<meta name=\"twitter:label1\" content=\"Written by\" \/>\n\t<meta name=\"twitter:data1\" content=\"Alica Sumichrastova\" \/>\n\t<meta name=\"twitter:label2\" content=\"Est. reading time\" \/>\n\t<meta name=\"twitter:data2\" content=\"2 minutes\" \/>\n<script type=\"application\/ld+json\" class=\"yoast-schema-graph\">{\"@context\":\"https:\\\/\\\/schema.org\",\"@graph\":[{\"@type\":\"Article\",\"@id\":\"https:\\\/\\\/vratna.sk\\\/en\\\/zahajenie-lyziarskej-sezony-2024-25\\\/#article\",\"isPartOf\":{\"@id\":\"https:\\\/\\\/vratna.sk\\\/en\\\/zahajenie-lyziarskej-sezony-2024-25\\\/\"},\"author\":{\"name\":\"Alica Sumichrastova\",\"@id\":\"https:\\\/\\\/vratna.sk\\\/en\\\/#\\\/schema\\\/person\\\/c7955129cebecd7cd1bcd2832c391933\"},\"headline\":\"Opening of the ski season 2024\\\/25\",\"datePublished\":\"2024-12-23T18:22:11+00:00\",\"dateModified\":\"2026-01-06T10:43:06+00:00\",\"mainEntityOfPage\":{\"@id\":\"https:\\\/\\\/vratna.sk\\\/en\\\/zahajenie-lyziarskej-sezony-2024-25\\\/\"},\"wordCount\":272,\"image\":{\"@id\":\"https:\\\/\\\/vratna.sk\\\/en\\\/zahajenie-lyziarskej-sezony-2024-25\\\/#primaryimage\"},\"thumbnailUrl\":\"https:\\\/\\\/i0.wp.com\\\/vratna.sk\\\/wp-content\\\/uploads\\\/2024\\\/12\\\/DJI_0120-scaled.jpg?fit=2560%2C1705&ssl=1\",\"keywords\":[\"belts\",\"instructor\",\"lyziarskaskola\",\"Neck\",\"vratnamalafatra\"],\"articleSection\":[\"News\"],\"inLanguage\":\"en-US\"},{\"@type\":\"WebPage\",\"@id\":\"https:\\\/\\\/vratna.sk\\\/en\\\/zahajenie-lyziarskej-sezony-2024-25\\\/\",\"url\":\"https:\\\/\\\/vratna.sk\\\/en\\\/zahajenie-lyziarskej-sezony-2024-25\\\/\",\"name\":\"Opening of the ski season 2024\\\/25 - Vratna\",\"isPartOf\":{\"@id\":\"https:\\\/\\\/vratna.sk\\\/en\\\/#website\"},\"primaryImageOfPage\":{\"@id\":\"https:\\\/\\\/vratna.sk\\\/en\\\/zahajenie-lyziarskej-sezony-2024-25\\\/#primaryimage\"},\"image\":{\"@id\":\"https:\\\/\\\/vratna.sk\\\/en\\\/zahajenie-lyziarskej-sezony-2024-25\\\/#primaryimage\"},\"thumbnailUrl\":\"https:\\\/\\\/i0.wp.com\\\/vratna.sk\\\/wp-content\\\/uploads\\\/2024\\\/12\\\/DJI_0120-scaled.jpg?fit=2560%2C1705&ssl=1\",\"datePublished\":\"2024-12-23T18:22:11+00:00\",\"dateModified\":\"2026-01-06T10:43:06+00:00\",\"author\":{\"@id\":\"https:\\\/\\\/vratna.sk\\\/en\\\/#\\\/schema\\\/person\\\/c7955129cebecd7cd1bcd2832c391933\"},\"breadcrumb\":{\"@id\":\"https:\\\/\\\/vratna.sk\\\/en\\\/zahajenie-lyziarskej-sezony-2024-25\\\/#breadcrumb\"},\"inLanguage\":\"en-US\",\"potentialAction\":[{\"@type\":\"ReadAction\",\"target\":[\"https:\\\/\\\/vratna.sk\\\/en\\\/zahajenie-lyziarskej-sezony-2024-25\\\/\"]}]},{\"@type\":\"ImageObject\",\"inLanguage\":\"en-US\",\"@id\":\"https:\\\/\\\/vratna.sk\\\/en\\\/zahajenie-lyziarskej-sezony-2024-25\\\/#primaryimage\",\"url\":\"https:\\\/\\\/i0.wp.com\\\/vratna.sk\\\/wp-content\\\/uploads\\\/2024\\\/12\\\/DJI_0120-scaled.jpg?fit=2560%2C1705&ssl=1\",\"contentUrl\":\"https:\\\/\\\/i0.wp.com\\\/vratna.sk\\\/wp-content\\\/uploads\\\/2024\\\/12\\\/DJI_0120-scaled.jpg?fit=2560%2C1705&ssl=1\",\"width\":2560,\"height\":1705,\"caption\":\"skipas za v\u00fdhodn\u00fa cenu\"},{\"@type\":\"BreadcrumbList\",\"@id\":\"https:\\\/\\\/vratna.sk\\\/en\\\/zahajenie-lyziarskej-sezony-2024-25\\\/#breadcrumb\",\"itemListElement\":[{\"@type\":\"ListItem\",\"position\":1,\"name\":\"Home\",\"item\":\"https:\\\/\\\/vratna.sk\\\/en\\\/vratna-in-summer\\\/\"},{\"@type\":\"ListItem\",\"position\":2,\"name\":\"Opening of the ski season 2024\\\/25\"}]},{\"@type\":\"WebSite\",\"@id\":\"https:\\\/\\\/vratna.sk\\\/en\\\/#website\",\"url\":\"https:\\\/\\\/vratna.sk\\\/en\\\/\",\"name\":\"Vratna\",\"description\":\"\",\"potentialAction\":[{\"@type\":\"SearchAction\",\"target\":{\"@type\":\"EntryPoint\",\"urlTemplate\":\"https:\\\/\\\/vratna.sk\\\/en\\\/?s={search_term_string}\"},\"query-input\":{\"@type\":\"PropertyValueSpecification\",\"valueRequired\":true,\"valueName\":\"search_term_string\"}}],\"inLanguage\":\"en-US\"},{\"@type\":\"Person\",\"@id\":\"https:\\\/\\\/vratna.sk\\\/en\\\/#\\\/schema\\\/person\\\/c7955129cebecd7cd1bcd2832c391933\",\"name\":\"Alica Sumichrastova\",\"image\":{\"@type\":\"ImageObject\",\"inLanguage\":\"en-US\",\"@id\":\"https:\\\/\\\/secure.gravatar.com\\\/avatar\\\/16d6aebd3d08e66fa0ece0e0f19c95f5f4225d13c951e7dc06beffda92850ebe?s=96&d=mm&r=g\",\"url\":\"https:\\\/\\\/secure.gravatar.com\\\/avatar\\\/16d6aebd3d08e66fa0ece0e0f19c95f5f4225d13c951e7dc06beffda92850ebe?s=96&d=mm&r=g\",\"contentUrl\":\"https:\\\/\\\/secure.gravatar.com\\\/avatar\\\/16d6aebd3d08e66fa0ece0e0f19c95f5f4225d13c951e7dc06beffda92850ebe?s=96&d=mm&r=g\",\"caption\":\"Alica Sumichrastova\"},\"sameAs\":[\"http:\\\/\\\/vratna.sk\"],\"url\":\"https:\\\/\\\/vratna.sk\\\/en\\\/author\\\/sumichrastovaavratna-sk\\\/\"}]}<\/script>\n<!-- \/ Yoast SEO plugin. -->","yoast_head_json":{"title":"Opening of the ski season 2024\/25 - Vratna","robots":{"index":"index","follow":"follow","max-snippet":"max-snippet:-1","max-image-preview":"max-image-preview:large","max-video-preview":"max-video-preview:-1"},"canonical":"https:\/\/vratna.sk\/en\/zahajenie-lyziarskej-sezony-2024-25\/","og_locale":"en_US","og_type":"article","og_title":"Opening of the ski season 2024\/25 - Vratna","og_description":"Currently in operation chairlift, Leitner lift, children's zone and cabin.","og_url":"https:\/\/vratna.sk\/en\/zahajenie-lyziarskej-sezony-2024-25\/","og_site_name":"Vratna","article_publisher":"https:\/\/www.facebook.com\/vratnamalafatra\/","article_published_time":"2024-12-23T18:22:11+00:00","article_modified_time":"2026-01-06T10:43:06+00:00","og_image":[{"width":2560,"height":1705,"url":"https:\/\/i0.wp.com\/vratna.sk\/wp-content\/uploads\/2024\/12\/DJI_0120-scaled.jpg?fit=2560%2C1705&ssl=1","type":"image\/jpeg"}],"author":"Alica Sumichrastova","twitter_card":"summary_large_image","twitter_misc":{"Written by":"Alica Sumichrastova","Est. reading time":"2 minutes"},"schema":{"@context":"https:\/\/schema.org","@graph":[{"@type":"Article","@id":"https:\/\/vratna.sk\/en\/zahajenie-lyziarskej-sezony-2024-25\/#article","isPartOf":{"@id":"https:\/\/vratna.sk\/en\/zahajenie-lyziarskej-sezony-2024-25\/"},"author":{"name":"Alica Sumichrastova","@id":"https:\/\/vratna.sk\/en\/#\/schema\/person\/c7955129cebecd7cd1bcd2832c391933"},"headline":"Opening of the ski season 2024\/25","datePublished":"2024-12-23T18:22:11+00:00","dateModified":"2026-01-06T10:43:06+00:00","mainEntityOfPage":{"@id":"https:\/\/vratna.sk\/en\/zahajenie-lyziarskej-sezony-2024-25\/"},"wordCount":272,"image":{"@id":"https:\/\/vratna.sk\/en\/zahajenie-lyziarskej-sezony-2024-25\/#primaryimage"},"thumbnailUrl":"https:\/\/i0.wp.com\/vratna.sk\/wp-content\/uploads\/2024\/12\/DJI_0120-scaled.jpg?fit=2560%2C1705&ssl=1","keywords":["belts","instructor","lyziarskaskola","Neck","vratnamalafatra"],"articleSection":["News"],"inLanguage":"en-US"},{"@type":"WebPage","@id":"https:\/\/vratna.sk\/en\/zahajenie-lyziarskej-sezony-2024-25\/","url":"https:\/\/vratna.sk\/en\/zahajenie-lyziarskej-sezony-2024-25\/","name":"Opening of the ski season 2024\/25 - Vratna","isPartOf":{"@id":"https:\/\/vratna.sk\/en\/#website"},"primaryImageOfPage":{"@id":"https:\/\/vratna.sk\/en\/zahajenie-lyziarskej-sezony-2024-25\/#primaryimage"},"image":{"@id":"https:\/\/vratna.sk\/en\/zahajenie-lyziarskej-sezony-2024-25\/#primaryimage"},"thumbnailUrl":"https:\/\/i0.wp.com\/vratna.sk\/wp-content\/uploads\/2024\/12\/DJI_0120-scaled.jpg?fit=2560%2C1705&ssl=1","datePublished":"2024-12-23T18:22:11+00:00","dateModified":"2026-01-06T10:43:06+00:00","author":{"@id":"https:\/\/vratna.sk\/en\/#\/schema\/person\/c7955129cebecd7cd1bcd2832c391933"},"breadcrumb":{"@id":"https:\/\/vratna.sk\/en\/zahajenie-lyziarskej-sezony-2024-25\/#breadcrumb"},"inLanguage":"en-US","potentialAction":[{"@type":"ReadAction","target":["https:\/\/vratna.sk\/en\/zahajenie-lyziarskej-sezony-2024-25\/"]}]},{"@type":"ImageObject","inLanguage":"en-US","@id":"https:\/\/vratna.sk\/en\/zahajenie-lyziarskej-sezony-2024-25\/#primaryimage","url":"https:\/\/i0.wp.com\/vratna.sk\/wp-content\/uploads\/2024\/12\/DJI_0120-scaled.jpg?fit=2560%2C1705&ssl=1","contentUrl":"https:\/\/i0.wp.com\/vratna.sk\/wp-content\/uploads\/2024\/12\/DJI_0120-scaled.jpg?fit=2560%2C1705&ssl=1","width":2560,"height":1705,"caption":"skipas za v\u00fdhodn\u00fa cenu"},{"@type":"BreadcrumbList","@id":"https:\/\/vratna.sk\/en\/zahajenie-lyziarskej-sezony-2024-25\/#breadcrumb","itemListElement":[{"@type":"ListItem","position":1,"name":"Home","item":"https:\/\/vratna.sk\/en\/vratna-in-summer\/"},{"@type":"ListItem","position":2,"name":"Opening of the ski season 2024\/25"}]},{"@type":"WebSite","@id":"https:\/\/vratna.sk\/en\/#website","url":"https:\/\/vratna.sk\/en\/","name":"Vratna","description":"","potentialAction":[{"@type":"SearchAction","target":{"@type":"EntryPoint","urlTemplate":"https:\/\/vratna.sk\/en\/?s={search_term_string}"},"query-input":{"@type":"PropertyValueSpecification","valueRequired":true,"valueName":"search_term_string"}}],"inLanguage":"en-US"},{"@type":"Person","@id":"https:\/\/vratna.sk\/en\/#\/schema\/person\/c7955129cebecd7cd1bcd2832c391933","name":"Alica Sumichrastova","image":{"@type":"ImageObject","inLanguage":"en-US","@id":"https:\/\/secure.gravatar.com\/avatar\/16d6aebd3d08e66fa0ece0e0f19c95f5f4225d13c951e7dc06beffda92850ebe?s=96&d=mm&r=g","url":"https:\/\/secure.gravatar.com\/avatar\/16d6aebd3d08e66fa0ece0e0f19c95f5f4225d13c951e7dc06beffda92850ebe?s=96&d=mm&r=g","contentUrl":"https:\/\/secure.gravatar.com\/avatar\/16d6aebd3d08e66fa0ece0e0f19c95f5f4225d13c951e7dc06beffda92850ebe?s=96&d=mm&r=g","caption":"Alica Sumichrastova"},"sameAs":["http:\/\/vratna.sk"],"url":"https:\/\/vratna.sk\/en\/author\/sumichrastovaavratna-sk\/"}]}},"jetpack_featured_media_url":"https:\/\/i0.wp.com\/vratna.sk\/wp-content\/uploads\/2024\/12\/DJI_0120-scaled.jpg?fit=2560%2C1705&ssl=1","_links":{"self":[{"href":"https:\/\/vratna.sk\/en\/wp-json\/wp\/v2\/posts\/5500","targetHints":{"allow":["GET"]}}],"collection":[{"href":"https:\/\/vratna.sk\/en\/wp-json\/wp\/v2\/posts"}],"about":[{"href":"https:\/\/vratna.sk\/en\/wp-json\/wp\/v2\/types\/post"}],"author":[{"embeddable":true,"href":"https:\/\/vratna.sk\/en\/wp-json\/wp\/v2\/users\/4"}],"replies":[{"embeddable":true,"href":"https:\/\/vratna.sk\/en\/wp-json\/wp\/v2\/comments?post=5500"}],"version-history":[{"count":41,"href":"https:\/\/vratna.sk\/en\/wp-json\/wp\/v2\/posts\/5500\/revisions"}],"predecessor-version":[{"id":6518,"href":"https:\/\/vratna.sk\/en\/wp-json\/wp\/v2\/posts\/5500\/revisions\/6518"}],"wp:featuredmedia":[{"embeddable":true,"href":"https:\/\/vratna.sk\/en\/wp-json\/wp\/v2\/media\/4839"}],"wp:attachment":[{"href":"https:\/\/vratna.sk\/en\/wp-json\/wp\/v2\/media?parent=5500"}],"wp:term":[{"taxonomy":"category","embeddable":true,"href":"https:\/\/vratna.sk\/en\/wp-json\/wp\/v2\/categories?post=5500"},{"taxonomy":"post_tag","embeddable":true,"href":"https:\/\/vratna.sk\/en\/wp-json\/wp\/v2\/tags?post=5500"}],"curies":[{"name":"wp","href":"https:\/\/api.w.org\/{rel}","templated":true}]}}